{"id":91749,"date":"2021-01-07T08:08:18","date_gmt":"2021-01-07T13:08:18","guid":{"rendered":"https:\/\/PERSIAN-HERITAGE.COM\/?p=91749"},"modified":"2021-01-07T08:08:57","modified_gmt":"2021-01-07T13:08:57","slug":"auto-draft-416","status":"publish","type":"post","link":"https:\/\/PERSIAN-HERITAGE.COM\/en\/2021\/01\/07\/auto-draft-416\/","title":{"rendered":"US Capitol riots: World leaders react to &#8216;horrifying&#8217; scenes in Washington"},"content":{"rendered":"<div class=\"css-uf6wea-RichTextComponentWrapper e1xue1i83\" data-component=\"text-block\">\n<div class=\"css-83cqas-RichTextContainer e5tfeyi2\">\n<p><b class=\"css-14iz86j-BoldText e5tfeyi0\"><img loading=\"lazy\" decoding=\"async\" class=\"size-medium wp-image-91750 alignleft\" src=\"https:\/\/PERSIAN-HERITAGE.COM\/wp-content\/uploads\/2021\/01\/CApitol-Riots-300x200.jpg\" alt=\"\" width=\"300\" height=\"200\" srcset=\"https:\/\/PERSIAN-HERITAGE.COM\/wp-content\/uploads\/2021\/01\/CApitol-Riots-300x200.jpg 300w, https:\/\/PERSIAN-HERITAGE.COM\/wp-content\/uploads\/2021\/01\/CApitol-Riots-150x100.jpg 150w, https:\/\/PERSIAN-HERITAGE.COM\/wp-content\/uploads\/2021\/01\/CApitol-Riots.jpg 600w, https:\/\/PERSIAN-HERITAGE.COM\/wp-content\/uploads\/2021\/01\/CApitol-Riots-24x16.jpg 24w, https:\/\/PERSIAN-HERITAGE.COM\/wp-content\/uploads\/2021\/01\/CApitol-Riots-36x24.jpg 36w, https:\/\/PERSIAN-HERITAGE.COM\/wp-content\/uploads\/2021\/01\/CApitol-Riots-48x32.jpg 48w\" sizes=\"auto, (max-width: 300px) 100vw, 300px\" \/>BBC \u2014 World leaders have condemned violent scenes in Washington after supporters of US President Donald Trump stormed the Capitol building on Wednesday.<\/b><\/p>\n<\/div>\n<\/div>\n<div class=\"css-uf6wea-RichTextComponentWrapper e1xue1i83\" data-component=\"text-block\">\n<div class=\"css-83cqas-RichTextContainer e5tfeyi2\">\n<p>The riot forced the suspension of a joint session of Congress to certify Joe Biden&#8217;s electoral victory.<\/p>\n<\/div>\n<\/div>\n<div class=\"css-uf6wea-RichTextComponentWrapper e1xue1i83\" data-component=\"text-block\">\n<div class=\"css-83cqas-RichTextContainer e5tfeyi2\">\n<p>Many leaders called for peace and an orderly transition of power, describing what happened as &#8220;horrifying&#8221; and an &#8220;attack on democracy&#8221;.<\/p>\n<\/div>\n<\/div>\n<div class=\"css-uf6wea-RichTextComponentWrapper e1xue1i83\" data-component=\"text-block\">\n<div class=\"css-83cqas-RichTextContainer e5tfeyi2\">\n<p>UK Prime Minister Boris Johnson condemned the &#8220;disgraceful scenes&#8221;.<\/p>\n<\/div>\n<\/div>\n<div class=\"css-uf6wea-RichTextComponentWrapper e1xue1i83\" data-component=\"text-block\">\n<div class=\"css-83cqas-RichTextContainer e5tfeyi2\">\n<p>&#8220;The United States stands for democracy around the world and it is now vital that there should be a peaceful and orderly transfer of power,&#8221; he wrote on Twitter.<\/p>\n<\/div>\n<\/div>\n<div class=\"css-uf6wea-RichTextComponentWrapper e1xue1i83\" data-component=\"text-block\">\n<div class=\"css-83cqas-RichTextContainer e5tfeyi2\">\n<p><a class=\"css-yidnqd-InlineLink e1no5rhv0\" href=\"https:\/\/www.bbc.co.uk\/news\/uk-politics-55568492\">Other UK politicians joined him in criticising the violence,<\/a> with opposition leader Sir Keir Starmer calling it a &#8220;direct attack on democracy&#8221;.<\/p>\n<\/div>\n<\/div>\n<div class=\"css-uf6wea-RichTextComponentWrapper e1xue1i83\" data-component=\"text-block\">\n<div class=\"css-83cqas-RichTextContainer e5tfeyi2\">\n<p>Home Secretary Priti Patel told the BBC that Mr Trump&#8217;s comments <a class=\"css-yidnqd-InlineLink e1no5rhv0\" href=\"https:\/\/www.bbc.co.uk\/news\/uk-politics-55571482\">&#8220;directly led&#8221; to his supporters storming Congress and clashing with police. <\/a><\/p>\n<\/div>\n<\/div>\n<div class=\"css-uf6wea-RichTextComponentWrapper e1xue1i83\" data-component=\"text-block\">\n<div class=\"css-83cqas-RichTextContainer e5tfeyi2\">\n<p>Scotland&#8217;s First Minister Nicola Sturgeon <a class=\"css-yidnqd-InlineLink e1no5rhv0\" href=\"https:\/\/twitter.com\/NicolaSturgeon\/status\/1346919836811669507\">tweeted that the scenes from the US Capitol were &#8220;utterly horrifying&#8221;.<\/a><\/p>\n<\/div>\n<\/div>\n<div class=\"css-uf6wea-RichTextComponentWrapper e1xue1i83\" data-component=\"text-block\">\n<div class=\"css-83cqas-RichTextContainer e5tfeyi2\">\n<p>In Germany, Chancellor Angela Merkel said those who stormed the US legislature were &#8220;attackers and rioters&#8221; and that she felt &#8220;angry and also sad&#8221; after seeing pictures from the scene.<\/p>\n<\/div>\n<\/div>\n<div class=\"css-uf6wea-RichTextComponentWrapper e1xue1i83\" data-component=\"text-block\">\n<div class=\"css-83cqas-RichTextContainer e5tfeyi2\">\n<p>She told a meeting of German conservatives: &#8220;I regret very much that President Trump has still not admitted defeat, but has kept raising doubts about the elections.&#8221;<\/p>\n<\/div>\n<\/div>\n<div class=\"css-uf6wea-RichTextComponentWrapper e1xue1i83\" data-component=\"text-block\">\n<div class=\"css-83cqas-RichTextContainer e5tfeyi2\">\n<p>China meanwhile attempted to draw comparisons between the rioters who entered Congress to try and subvert the US election result and pro-democracy protesters who stormed Hong Kong&#8217;s Legislative Council last year.<\/p>\n<\/div>\n<\/div>\n<div class=\"css-uf6wea-RichTextComponentWrapper e1xue1i83\" data-component=\"text-block\">\n<div class=\"css-83cqas-RichTextContainer e5tfeyi2\">\n<p>Foreign ministry spokeswoman Hua Chunying claimed events in Hong Kong were more &#8220;severe&#8221; than those in Washington but &#8220;not one demonstrator died&#8221;.<\/p>\n<\/div>\n<\/div>\n<div class=\"css-uf6wea-RichTextComponentWrapper e1xue1i83\" data-component=\"text-block\">\n<div class=\"css-83cqas-RichTextContainer e5tfeyi2\">\n<p>The comparisons between the two incidents has caused outrage among Hong Kong&#8217;s pro-democracy activists and their supporters.<\/p>\n<\/div>\n<\/div>\n<div class=\"css-uf6wea-RichTextComponentWrapper e1xue1i83\" data-component=\"unordered-list-block\">\n<div class=\"css-83cqas-RichTextContainer e5tfeyi2\">\n<div class=\"css-1pzprxn-BulletListContainer e5tfeyi3\">\n<ul role=\"list\">\n<li><a class=\"css-yidnqd-InlineLink e1no5rhv0\" href=\"https:\/\/www.bbc.co.uk\/news\/live\/election-us-2020-55558355\">Live: Violence engulfs Capitol as Trump supporters run riot<\/a><\/li>\n<li><a class=\"css-yidnqd-InlineLink e1no5rhv0\" href=\"https:\/\/www.bbc.co.uk\/news\/world-us-canada-55568131\">In pictures: Pro-Trump protesters storm Capitol<\/a><\/li>\n<li><a class=\"css-yidnqd-InlineLink e1no5rhv0\" href=\"https:\/\/www.bbc.co.uk\/news\/world-us-canada-55481521\">The people who still believe Trump won<\/a><\/li>\n<\/ul>\n<\/div>\n<\/div>\n<\/div>\n<div class=\"css-uf6wea-RichTextComponentWrapper e1xue1i83\" data-component=\"text-block\">\n<div class=\"css-83cqas-RichTextContainer e5tfeyi2\">\n<p>In Europe, a chorus of leaders condemned the scenes in Washington as an attack on democracy.<\/p>\n<\/div>\n<\/div>\n<div class=\"css-uf6wea-RichTextComponentWrapper e1xue1i83\" data-component=\"text-block\">\n<div class=\"css-83cqas-RichTextContainer e5tfeyi2\">\n<p>Spanish Prime Minister Pedro S\u00e1nchez said: &#8220;I have trust in the strength of US democracy. The new presidency of Joe Biden will overcome this tense stage, uniting the American people.&#8221;<\/p>\n<\/div>\n<\/div>\n<div class=\"css-uf6wea-RichTextComponentWrapper e1xue1i83\" data-component=\"text-block\">\n<div class=\"css-83cqas-RichTextContainer e5tfeyi2\">\n<p>In a video on Twitter, <a class=\"css-yidnqd-InlineLink e1no5rhv0\" href=\"https:\/\/twitter.com\/EmmanuelMacron\/status\/1346997796180643840\">French President Emmanuel Macron said<\/a>: &#8220;When, in one of the world&#8217;s oldest democracies, supporters of an outgoing president take up arms to challenge the legitimate results of an election, a universal idea &#8211; that of &#8216;one person, one vote&#8217; &#8211; is undermined.<\/p>\n<\/div>\n<\/div>\n<div class=\"css-uf6wea-RichTextComponentWrapper e1xue1i83\" data-component=\"text-block\">\n<div class=\"css-83cqas-RichTextContainer e5tfeyi2\">\n<p>&#8220;What happened today in Washington DC is not American, definitely. We believe in the strength of our democracies. We believe in the strength of American democracy&#8221; he added.<\/p>\n<\/div>\n<\/div>\n<div class=\"css-uf6wea-RichTextComponentWrapper e1xue1i83\" data-component=\"text-block\">\n<div class=\"css-83cqas-RichTextContainer e5tfeyi2\">\n<p>Swedish Prime Minister Stefan Lofven described the incident as &#8220;worrying&#8221; and said it was &#8220;an assault on democracy&#8221;.<\/p>\n<\/div>\n<\/div>\n<div class=\"css-z0waap-ComponentWrapper-SocialEmbedComponentWrapper e1xue1i81\" data-component=\"social-embed-block\">\n<div>\n<div class=\"twitter-tweet twitter-tweet-rendered\"><iframe id=\"twitter-widget-4\" class=\"\" title=\"Twitter Tweet\" src=\"https:\/\/platform.twitter.com\/embed\/index.html?creatorScreenName=BBCWorld&amp;dnt=false&amp;embedId=twitter-widget-4&amp;frame=false&amp;hideCard=false&amp;hideThread=false&amp;id=1346959300648980480&amp;lang=en-gb&amp;origin=https%3A%2F%2Fwww.bbc.com%2Fnews%2Fworld-us-canada-55568613&amp;siteScreenName=BBCWorld&amp;theme=light&amp;widgetsVersion=ed20a2b%3A1601588405575&amp;width=550px\" frameborder=\"0\" scrolling=\"no\" allowfullscreen=\"allowfullscreen\" data-tweet-id=\"1346959300648980480\"><\/iframe><\/div>\n<\/div>\n<div class=\"css-kwaqyc-StyledFigureContainer e34k3c22\">The BBC is not responsible for the content of external sites.<a class=\"css-yidnqd-InlineLink e1no5rhv0\" href=\"https:\/\/twitter.com\/SwedishPM\/status\/1346959300648980480?s=20\">View original tweet on Twitter<\/a><\/div>\n<\/div>\n<div class=\"css-18mjolk-ComponentWrapper e1xue1i80\" data-component=\"image-block\">\u00a0<\/div>\n<div class=\"css-uf6wea-RichTextComponentWrapper e1xue1i83\" data-component=\"text-block\">\n<div class=\"css-83cqas-RichTextContainer e5tfeyi2\">\n<p>Top EU leaders have also made their views known. European Council President Charles Michel said he trusted the US &#8220;to ensure a peaceful transfer of power&#8221; to Mr Biden, while European Commission President Ursula von der Leyen said she looked forward to working with the Democrat, who &#8220;won the election&#8221;.<\/p>\n<\/div>\n<\/div>\n<div class=\"css-uf6wea-RichTextComponentWrapper e1xue1i83\" data-component=\"text-block\">\n<div class=\"css-83cqas-RichTextContainer e5tfeyi2\">\n<p>Like many other global figures, the Secretary-General of the Nato military alliance, Jens Stoltenberg, said that the outcome of the election &#8220;must be respected&#8221;.<\/p>\n<\/div>\n<\/div>\n<div class=\"css-uf6wea-RichTextComponentWrapper e1xue1i83\" data-component=\"text-block\">\n<div class=\"css-83cqas-RichTextContainer e5tfeyi2\">\n<p>For his part, UN Secretary-General Ant\u00f3nio Guterres was &#8220;saddened&#8221; by the events at the US Capitol, his spokesman said.<\/p>\n<\/div>\n<\/div>\n<div class=\"css-uf6wea-RichTextComponentWrapper e1xue1i83\" data-component=\"text-block\">\n<div class=\"css-83cqas-RichTextContainer e5tfeyi2\">\n<p>The events also shocked America&#8217;s close ally and neighbour to its north. Prime Minister Justin Trudeau said Canadians were &#8220;deeply disturbed and saddened by the attack on democracy&#8221;.<\/p>\n<\/div>\n<\/div>\n<div class=\"css-uf6wea-RichTextComponentWrapper e1xue1i83\" data-component=\"text-block\">\n<div class=\"css-83cqas-RichTextContainer e5tfeyi2\">\n<p>&#8220;Violence will never succeed in overruling the will of the people. Democracy in the US must be upheld &#8211; and it will be,&#8221; he wrote on Twitter.<\/p>\n<\/div>\n<\/div>\n<div class=\"css-uf6wea-RichTextComponentWrapper e1xue1i83\" data-component=\"text-block\">\n<div class=\"css-83cqas-RichTextContainer e5tfeyi2\">\n<p>From New Zealand, Prime Minister Jacinda Ardern, tweeted that &#8220;democracy &#8211; the right of people to exercise a vote, have their voice heard and then have that decision upheld peacefully &#8211; should never be undone by a mob&#8221;.<\/p>\n<\/div>\n<\/div>\n<div class=\"css-uf6wea-RichTextComponentWrapper e1xue1i83\" data-component=\"text-block\">\n<div class=\"css-83cqas-RichTextContainer e5tfeyi2\">\n<p>Meanwhile Prime Minister Scott Morrison of Australia &#8211; another close US ally &#8211; condemned the &#8220;distressing scenes&#8221; and said he looked forward to a peaceful transfer of power.<\/p>\n<\/div>\n<\/div>\n<div class=\"css-uf6wea-RichTextComponentWrapper e1xue1i83\" data-component=\"text-block\">\n<div class=\"css-83cqas-RichTextContainer e5tfeyi2\">\n<p>In India, the world&#8217;s largest democracy, Prime Minister Narendra Modi &#8211; who has enjoyed a good relationship with President Trump &#8211; said he was &#8220;distressed to see news about rioting and violence&#8221; in Washington.<\/p>\n<\/div>\n<\/div>\n<div class=\"css-uf6wea-RichTextComponentWrapper e1xue1i83\" data-component=\"text-block\">\n<div class=\"css-83cqas-RichTextContainer e5tfeyi2\">\n<p>&#8220;Orderly and peaceful transfer of power must continue,&#8221; he tweeted.<\/p>\n<\/div>\n<\/div>\n<div class=\"css-z0waap-ComponentWrapper-SocialEmbedComponentWrapper e1xue1i81\" data-component=\"social-embed-block\">\n<div>\n<div class=\"twitter-tweet twitter-tweet-rendered\"><iframe id=\"twitter-widget-6\" class=\"\" title=\"Twitter Tweet\" src=\"https:\/\/platform.twitter.com\/embed\/index.html?creatorScreenName=BBCWorld&amp;dnt=false&amp;embedId=twitter-widget-6&amp;frame=false&amp;hideCard=false&amp;hideThread=false&amp;id=1347009724789653508&amp;lang=en-gb&amp;origin=https%3A%2F%2Fwww.bbc.com%2Fnews%2Fworld-us-canada-55568613&amp;siteScreenName=BBCWorld&amp;theme=light&amp;widgetsVersion=ed20a2b%3A1601588405575&amp;width=550px\" frameborder=\"0\" scrolling=\"no\" allowfullscreen=\"allowfullscreen\" data-tweet-id=\"1347009724789653508\"><\/iframe><\/div>\n<\/div>\n<div class=\"css-kwaqyc-StyledFigureContainer e34k3c22\">The BBC is not responsible for the content of external sites.<a class=\"css-yidnqd-InlineLink e1no5rhv0\" href=\"https:\/\/twitter.com\/narendramodi\/status\/1347009724789653508\">View original tweet on Twitter<\/a><\/div>\n<\/div>\n<div class=\"css-18mjolk-ComponentWrapper e1xue1i80\" data-component=\"image-block\">\u00a0<\/div>\n<div class=\"css-uf6wea-RichTextComponentWrapper e1xue1i83\" data-component=\"text-block\">\n<div class=\"css-83cqas-RichTextContainer e5tfeyi2\">\n<p>Turkey, an ally through Nato, said it invited &#8220;all parties&#8221; to show &#8220;restraint and common sense&#8221;.<\/p>\n<\/div>\n<\/div>\n<div class=\"css-uf6wea-RichTextComponentWrapper e1xue1i83\" data-component=\"text-block\">\n<div class=\"css-83cqas-RichTextContainer e5tfeyi2\">\n<p>The Venezuelan government, which the US does not recognise as legitimate, said &#8220;with this regrettable episode, the United States suffers the same thing that it has generated in other countries with its policies of aggression&#8221;.<\/p>\n<\/div>\n<\/div>\n<div class=\"css-uf6wea-RichTextComponentWrapper e1xue1i83\" data-component=\"text-block\">\n<div class=\"css-83cqas-RichTextContainer e5tfeyi2\">\n<p>In statements on Twitter, Argentina&#8217;s President Alberto Fern\u00e1ndez and Chile&#8217;s President Sebasti\u00e1n Pi\u00f1era also condemned the scenes in Washington. Mr Pi\u00f1era said Chile &#8220;trusts in the solidity of US democracy to guarantee the rule of law&#8221;.<\/p>\n<\/div>\n<\/div>\n<div class=\"css-uf6wea-RichTextComponentWrapper e1xue1i83\" data-component=\"text-block\">\n<div class=\"css-83cqas-RichTextContainer e5tfeyi2\">\n<p>In Japan, one of America&#8217;s closest allies and partners, Chief Cabinet Secretary Katsunobu Kato said the government hoped for a &#8220;peaceful transfer of power&#8221; in the United States.<\/p>\n<\/div>\n<\/div>\n<div class=\"css-uf6wea-RichTextComponentWrapper e1xue1i83\" data-component=\"text-block\">\n<div class=\"css-83cqas-RichTextContainer e5tfeyi2\">\n<p>From Fiji, Prime Minister Frank Bainimarama, who led a coup in 2006, also expressed outrage at the events that took place.<\/p>\n<\/div>\n<\/div>\n<div class=\"css-z0waap-ComponentWrapper-SocialEmbedComponentWrapper e1xue1i81\" data-component=\"social-embed-block\">\n<div>\n<div class=\"twitter-tweet twitter-tweet-rendered\"><iframe id=\"twitter-widget-7\" class=\"\" title=\"Twitter Tweet\" src=\"https:\/\/platform.twitter.com\/embed\/index.html?creatorScreenName=BBCWorld&amp;dnt=false&amp;embedId=twitter-widget-7&amp;frame=false&amp;hideCard=false&amp;hideThread=false&amp;id=1346973274832465922&amp;lang=en-gb&amp;origin=https%3A%2F%2Fwww.bbc.com%2Fnews%2Fworld-us-canada-55568613&amp;siteScreenName=BBCWorld&amp;theme=light&amp;widgetsVersion=ed20a2b%3A1601588405575&amp;width=550px\" frameborder=\"0\" scrolling=\"no\" allowfullscreen=\"allowfullscreen\" data-tweet-id=\"1346973274832465922\"><\/iframe><\/div>\n<\/div>\n<div class=\"css-uf6wea-RichTextComponentWrapper e1xue1i83\">The BBC is not responsible for the content of external sites.<a class=\"css-yidnqd-InlineLink e1no5rhv0\" href=\"https:\/\/twitter.com\/FijiPM\/status\/1346973274832465922\">View original tweet on Twitter<\/a><\/div>\n<\/div>\n<div class=\"css-uf6wea-RichTextComponentWrapper e1xue1i83\" data-component=\"text-block\">\n<div class=\"css-83cqas-RichTextContainer e5tfeyi2\">\n<p>And in Singapore, Senior Minister Teo Chee Hean said he had watched as the &#8220;shocking&#8221; scenes took place, adding: &#8220;Its a sad day.&#8221;<\/p>\n<\/div>\n<\/div>\n","protected":false},"excerpt":{"rendered":"<p>BBC \u2014 World leaders have condemned violent scenes in Washington after supporters of US President Donald Trump stormed the Capitol building on Wednesday. The riot forced the suspension of a joint session of Congress to certify Joe Biden&#8217;s electoral victory. Many leaders called for peace and an orderly transition of power, describing what happened as [&hellip;]<\/p>\n","protected":false},"author":1,"featured_media":91750,"comment_status":"closed","ping_status":"closed","sticky":false,"template":"","format":"standard","meta":{"footnotes":"","_links_to":"","_links_to_target":""},"categories":[10],"tags":[],"class_list":["post-91749","post","type-post","status-publish","format-standard","has-post-thumbnail","hentry","category-latests"],"translation":{"provider":"WPGlobus","version":"3.0.2","language":"en","enabled_languages":["fa","en"],"languages":{"fa":{"title":true,"content":false,"excerpt":false},"en":{"title":true,"content":true,"excerpt":false}}},"_links":{"self":[{"href":"https:\/\/PERSIAN-HERITAGE.COM\/en\/wp-json\/wp\/v2\/posts\/91749","targetHints":{"allow":["GET"]}}],"collection":[{"href":"https:\/\/PERSIAN-HERITAGE.COM\/en\/wp-json\/wp\/v2\/posts"}],"about":[{"href":"https:\/\/PERSIAN-HERITAGE.COM\/en\/wp-json\/wp\/v2\/types\/post"}],"author":[{"embeddable":true,"href":"https:\/\/PERSIAN-HERITAGE.COM\/en\/wp-json\/wp\/v2\/users\/1"}],"replies":[{"embeddable":true,"href":"https:\/\/PERSIAN-HERITAGE.COM\/en\/wp-json\/wp\/v2\/comments?post=91749"}],"version-history":[{"count":3,"href":"https:\/\/PERSIAN-HERITAGE.COM\/en\/wp-json\/wp\/v2\/posts\/91749\/revisions"}],"predecessor-version":[{"id":91752,"href":"https:\/\/PERSIAN-HERITAGE.COM\/en\/wp-json\/wp\/v2\/posts\/91749\/revisions\/91752"}],"wp:featuredmedia":[{"embeddable":true,"href":"https:\/\/PERSIAN-HERITAGE.COM\/en\/wp-json\/wp\/v2\/media\/91750"}],"wp:attachment":[{"href":"https:\/\/PERSIAN-HERITAGE.COM\/en\/wp-json\/wp\/v2\/media?parent=91749"}],"wp:term":[{"taxonomy":"category","embeddable":true,"href":"https:\/\/PERSIAN-HERITAGE.COM\/en\/wp-json\/wp\/v2\/categories?post=91749"},{"taxonomy":"post_tag","embeddable":true,"href":"https:\/\/PERSIAN-HERITAGE.COM\/en\/wp-json\/wp\/v2\/tags?post=91749"}],"curies":[{"name":"wp","href":"https:\/\/api.w.org\/{rel}","templated":true}]}}